{"id":65708,"date":"2022-12-09T13:47:53","date_gmt":"2022-12-09T11:47:53","guid":{"rendered":"https:\/\/cargotrack.md\/?p=65708"},"modified":"2024-02-01T14:18:03","modified_gmt":"2024-02-01T12:18:03","slug":"controale-itm-pentru-transportatori-2023","status":"publish","type":"post","link":"https:\/\/cargotrack.md\/ru\/blog\/controale-itm-pentru-transportatori-2023\/","title":{"rendered":"Anul 2023 vine cu controale ITM pentru transportatori"},"content":{"rendered":"<figure class=\"wp-block-image size-full\"><img fetchpriority=\"high\" decoding=\"async\" width=\"1024\" height=\"683\" src=\"https:\/\/cargotrack.md\/wp-content\/uploads\/2022\/12\/Anul-2022-vine-cu-noi-controale-pentru-transportatori.webp\" alt=\"\" class=\"wp-image-77520\" srcset=\"https:\/\/cargotrack.md\/wp-content\/uploads\/2022\/12\/Anul-2022-vine-cu-noi-controale-pentru-transportatori.webp 1024w, https:\/\/cargotrack.md\/wp-content\/uploads\/2022\/12\/Anul-2022-vine-cu-noi-controale-pentru-transportatori-300x200.webp 300w, https:\/\/cargotrack.md\/wp-content\/uploads\/2022\/12\/Anul-2022-vine-cu-noi-controale-pentru-transportatori-768x512.webp 768w\" sizes=\"(max-width: 1024px) 100vw, 1024px\" \/><figcaption class=\"wp-element-caption\">Controale ITM 2023<\/figcaption><\/figure>\n\n\n\n<p>Inspec\u021bia Muncii tocmai a publicat calendarul de controale ITM pentru anul 2023. Acest calendar vizeaz\u0103 perioade \u0219i aspecte asem\u0103n\u0103toare cu cele ale anului 2022, \u00eens\u0103 trebuie s\u0103 iei \u00een calcul fiecare detaliu pentru a te asigura c\u0103 nu vei avea probleme \u00een urma acestor controale.<\/p>\n\n\n\n<p>Pentru c\u0103 totul trebuie s\u0103 fie luat \u00een vedere din timp \u0219i pentru c\u0103 este important s\u0103 v\u0103 informa\u021bi din surse sigure, v\u0103 prezent\u0103m acum tot ce ave\u021bi nevoie s\u0103 \u0219ti\u021bi despre controalele <a href=\"https:\/\/ro.wikipedia.org\/wiki\/ITM\" target=\"_blank\" rel=\"noreferrer noopener\">ITM<\/a> pentru transportatori \u00een anul 2023.<\/p>\n\n\n\n<h3 class=\"wp-block-heading\"><strong>Ce trimestru vizeaz\u0103 controalele ITM transportatorii?<\/strong><\/h3>\n\n\n\n<p>Anul acesta, trimestrul dedicat controalelor ITM pentru transportatori este programat \u00een calendar pentru perioada aprilie-iunie 2023.<\/p>\n\n\n\n<p>Acest trimestru este dedicat controalelor \u00een domeniul transporturilor rutiere interne de marf\u0103 \u0219i c\u0103l\u0103tori. El reprezint\u0103 al doilea trimestru de controale ITM \u0219i va viza mai multe aspecte principale pe care \u021bi le vom enumera ulterior.<\/p>\n\n\n\n<p>Avantajul acestei perioade este c\u0103 vei avea timp primul trimestru al anului s\u0103 te preg\u0103te\u0219ti \u0219i s\u0103 pui \u00een ordine tot ce ai nevoie.<\/p>\n\n\n\n<h3 class=\"wp-block-heading\"><strong>Ce anume verific\u0103 ITM \u00een aceste controale?<\/strong><\/h3>\n\n\n\n<p>O parte foarte important\u0103 este ce anume va verifica ITM \u00een cadrul acestor controale din 2023. Astfel, controalele vor viza urm\u0103toarele aspecte:<\/p>\n\n\n\n<ul class=\"wp-block-list\">\n<li>respectarea legisla\u021biei \u00een domeniul rela\u021biilor de munca;<\/li>\n\n\n\n<li>dac\u0103 timpul de munc\u0103 \u0219i timpul de odihn\u0103 pentru conduc\u0103torii auto este unul corespunz\u0103tor cu prevederile \u00een vigoare;<\/li>\n\n\n\n<li>respectarea prevederilor din pachetul de mobilitate;<\/li>\n\n\n\n<li>respectarea legisla\u021biei \u0219i a directivelor europene ce vizeaz\u0103 deta\u0219area lucr\u0103torilor \u00een cadrul prest\u0103rii de servicii transna\u021bionale;<\/li>\n\n\n\n<li>respectarea de c\u0103tre angajatori \u0219i lucr\u0103tori a cerin\u021belor minime de securitate \u0219i s\u0103n\u0103tate \u00een munc\u0103;<\/li>\n\n\n\n<li>respectarea cerin\u021belor minime ce vizeaz\u0103 \u00eembun\u0103t\u0103\u021birea securit\u0103\u021bii \u0219i protec\u021bia s\u0103n\u0103t\u0103\u021bii lucr\u0103torilor de c\u0103tre angajatorii care desf\u0103\u0219oar\u0103 activit\u0103\u021bi de produc\u021bie, depozitare \u0219i comercializare a carburan\u021bilor auto.<\/li>\n<\/ul>\n\n\n\n<p>Aceste campanii se pot intercala \u0219i cu alte trimestre, \u00eens\u0103 trebuie s\u0103 ai \u00een vedere c\u0103 domeniul transportului este vizat \u00een special \u00een perioada aprilie-iunie 2023, deci vei putea avea totul preg\u0103tit \u00eenc\u0103 de la \u00eenceputul anului.<\/p>\n\n\n\n<h3 class=\"wp-block-heading\"><strong>Care este scopul acestei campanii controale ITM pentru transportatori 2023?<\/strong><\/h3>\n\n\n\n<p>Scopul realiz\u0103rii acestor controale de c\u0103tre ITM, puncteaz\u0103 \u00een mod clar obiectivul de verificare a modului \u00een care reglement\u0103rile legislative sunt respectate, iar at\u00e2t angajatorii, c\u00e2t \u0219i angaja\u021bii con\u0219tientizeaz\u0103 necesitatea acestor elemente.<\/p>\n\n\n\n<ul class=\"wp-block-list\">\n<li>Cre\u0219terea gradului de con\u0219tientizare a angajatorilor \u015fi a angaja\u0163ilor \u00een ceea ce prive\u015fte necesitatea respect\u0103rii prevederilor legale \u00een domeniul rela\u0163iilor de munc\u0103;<\/li>\n\n\n\n<li>Diminuarea consecin\u0163elor sociale \u015fi economice negative care deriv\u0103 din nerespectarea de c\u0103tre angajatorii care \u00ee\u0219i desf\u0103\u0219oar\u0103 activitatea \u00een domeniul transportului rutier, \u00een ceea ce prive\u0219te prevederile legale ale timpului de munc\u0103 \u015fi celui de odihn\u0103;<\/li>\n\n\n\n<li>Eliminarea tuturor neconformit\u0103\u021bilor constatate, prin dispunerea de m\u0103suri obligatorii de intrare \u00een legalitate \u015fi aplicarea sanc\u0163iunilor contraven\u0163ionale corespunz\u0103toare.<\/li>\n<\/ul>\n\n\n\n<h3 class=\"wp-block-heading\"><strong>Cum te asiguri c\u0103 ai totul \u00een regul\u0103?<\/strong><\/h3>\n\n\n\n<p>Dac\u0103 nu e\u0219ti sigur c\u0103 ai tot ce trebuie preg\u0103tit, po\u021bi apela cu \u00eencredere la noi.<\/p>\n\n\n\n<p><a href=\"https:\/\/cargotrack.md\/ru\/\">CargoTrack<\/a> \u00ee\u021bi ofer\u0103 servicii financiar-judiciare \u0219i se ocup\u0103 pentru tine de tot ce ai nevoie ca indiferent de momentul controlului ITM, tu s\u0103 ai totul preg\u0103tit. \u00ce\u021bi oferim consultan\u021b\u0103 cu privire la ob\u021binerea documentelor necesare, <a href=\"https:\/\/cargotrack.md\/ru\/solutii-monitorizare-gps-consultanta-formular-a1\/\">\u00eentocmirea formularului A1<\/a>, declara\u021biile IMI, dar \u0219i solu\u021bii pentru alte aspecte importante.<\/p>\n\n\n\n<p>\u0421\u0432\u044f\u0436\u0438\u0442\u0435\u0441\u044c \u0441 \u043d\u0430\u043c\u0438 \u0441\u0435\u0439\u0447\u0430\u0441!<\/p>\n\n\n\n<div class=\"wp-block-jetpack-contact-info\">\n\n<div class=\"wp-block-jetpack-email\"><a href=\"mailto:office@cargotrack.ro\">office@cargotrack.md<\/a><\/div>\n\n\n<div class=\"wp-block-jetpack-phone\"><a href=\"tel: 40756145385\">+40&nbsp;756&nbsp;145&nbsp;385<\/a><\/div>\n\n\n<\/div>\n\n\n\n<figure class=\"wp-block-embed is-type-video is-provider-youtube wp-block-embed-youtube wp-embed-aspect-16-9 wp-has-aspect-ratio\"><div class=\"wp-block-embed__wrapper\">\n<iframe title=\"\ud83d\udce2 Anul 2023 \u2728 vine cu controale ITM pentru transportatori \ud83d\ude9b\ud83d\udca8 (Pachet Mobilitate)\" width=\"500\" height=\"281\" src=\"https:\/\/www.youtube.com\/embed\/DcykHGdHTGw?start=5&#038;feature=oembed\" frameborder=\"0\" allow=\"accelerometer; autoplay; clipboard-write; encrypted-media; gyroscope; picture-in-picture; web-share\" referrerpolicy=\"strict-origin-when-cross-origin\" allowfullscreen><\/iframe>\n<\/div><\/figure>\n\n\n<div class=\"kk-star-ratings kksr-auto kksr-align-right kksr-valign-bottom\"\n    data-payload='{&quot;align&quot;:&quot;right&quot;,&quot;id&quot;:&quot;65708&quot;,&quot;slug&quot;:&quot;default&quot;,&quot;valign&quot;:&quot;bottom&quot;,&quot;ignore&quot;:&quot;&quot;,&quot;reference&quot;:&quot;auto&quot;,&quot;class&quot;:&quot;&quot;,&quot;count&quot;:&quot;3&quot;,&quot;legendonly&quot;:&quot;&quot;,&quot;readonly&quot;:&quot;&quot;,&quot;score&quot;:&quot;5&quot;,&quot;starsonly&quot;:&quot;&quot;,&quot;best&quot;:&quot;5&quot;,&quot;gap&quot;:&quot;5&quot;,&quot;greet&quot;:&quot;Rate this post&quot;,&quot;legend&quot;:&quot;5\\\/5 - (3 \u0433\u043e\u043b\u043e\u0441\u0430)&quot;,&quot;size&quot;:&quot;24&quot;,&quot;title&quot;:&quot;Anul 2023 vine cu controale ITM pentru transportatori&quot;,&quot;width&quot;:&quot;142.5&quot;,&quot;_legend&quot;:&quot;{score}\\\/{best} - ({count} {votes})&quot;,&quot;font_factor&quot;:&quot;1.25&quot;}'>\n            \n<div class=\"kksr-stars\">\n    \n<div class=\"kksr-stars-inactive\">\n            <div class=\"kksr-star\" data-star=\"1\" style=\"padding-right: 5px\">\n            \n\n<div class=\"kksr-icon\" style=\"width: 24px; height: 24px;\"><\/div>\n        <\/div>\n            <div class=\"kksr-star\" data-star=\"2\" style=\"padding-right: 5px\">\n            \n\n<div class=\"kksr-icon\" style=\"width: 24px; height: 24px;\"><\/div>\n        <\/div>\n            <div class=\"kksr-star\" data-star=\"3\" style=\"padding-right: 5px\">\n            \n\n<div class=\"kksr-icon\" style=\"width: 24px; height: 24px;\"><\/div>\n        <\/div>\n            <div class=\"kksr-star\" data-star=\"4\" style=\"padding-right: 5px\">\n            \n\n<div class=\"kksr-icon\" style=\"width: 24px; height: 24px;\"><\/div>\n        <\/div>\n            <div class=\"kksr-star\" data-star=\"5\" style=\"padding-right: 5px\">\n            \n\n<div class=\"kksr-icon\" style=\"width: 24px; height: 24px;\"><\/div>\n        <\/div>\n    <\/div>\n    \n<div class=\"kksr-stars-active\" style=\"width: 142.5px;\">\n            <div class=\"kksr-star\" style=\"padding-right: 5px\">\n            \n\n<div class=\"kksr-icon\" style=\"width: 24px; height: 24px;\"><\/div>\n        <\/div>\n            <div class=\"kksr-star\" style=\"padding-right: 5px\">\n            \n\n<div class=\"kksr-icon\" style=\"width: 24px; height: 24px;\"><\/div>\n        <\/div>\n            <div class=\"kksr-star\" style=\"padding-right: 5px\">\n            \n\n<div class=\"kksr-icon\" style=\"width: 24px; height: 24px;\"><\/div>\n        <\/div>\n            <div class=\"kksr-star\" style=\"padding-right: 5px\">\n            \n\n<div class=\"kksr-icon\" style=\"width: 24px; height: 24px;\"><\/div>\n        <\/div>\n            <div class=\"kksr-star\" style=\"padding-right: 5px\">\n            \n\n<div class=\"kksr-icon\" style=\"width: 24px; height: 24px;\"><\/div>\n        <\/div>\n    <\/div>\n<\/div>\n                \n\n<div class=\"kksr-legend\" style=\"font-size: 19.2px;\">\n            5\/5 - (3 \u0433\u043e\u043b\u043e\u0441\u0430)    <\/div>\n    <\/div>","protected":false},"excerpt":{"rendered":"<p>Inspec\u021bia Muncii tocmai a publicat calendarul de controale ITM pentru anul 2023. Acest calendar vizeaz\u0103 perioade \u0219i aspecte asem\u0103n\u0103toare cu cele ale anului 2022, \u00eens\u0103 trebuie s\u0103 iei \u00een calcul fiecare detaliu pentru a te asigura c\u0103 nu vei avea probleme \u00een urma acestor controale. Pentru c\u0103 totul trebuie s\u0103 fie luat \u00een vedere din [&hellip;]<\/p>","protected":false},"author":2,"featured_media":84279,"comment_status":"open","ping_status":"open","sticky":false,"template":"","format":"standard","meta":{"rank_math_lock_modified_date":false,"_joinchat":[],"footnotes":""},"categories":[68],"tags":[118,119],"post_folder":[],"class_list":["post-65708","post","type-post","status-publish","format-standard","has-post-thumbnail","hentry","category-legislatie-transport","tag-control-itm-transport","tag-control-itm-transportatori-2023"],"_links":{"self":[{"href":"https:\/\/cargotrack.md\/ru\/wp-json\/wp\/v2\/posts\/65708","targetHints":{"allow":["GET"]}}],"collection":[{"href":"https:\/\/cargotrack.md\/ru\/wp-json\/wp\/v2\/posts"}],"about":[{"href":"https:\/\/cargotrack.md\/ru\/wp-json\/wp\/v2\/types\/post"}],"author":[{"embeddable":true,"href":"https:\/\/cargotrack.md\/ru\/wp-json\/wp\/v2\/users\/2"}],"replies":[{"embeddable":true,"href":"https:\/\/cargotrack.md\/ru\/wp-json\/wp\/v2\/comments?post=65708"}],"version-history":[{"count":1,"href":"https:\/\/cargotrack.md\/ru\/wp-json\/wp\/v2\/posts\/65708\/revisions"}],"predecessor-version":[{"id":77521,"href":"https:\/\/cargotrack.md\/ru\/wp-json\/wp\/v2\/posts\/65708\/revisions\/77521"}],"wp:featuredmedia":[{"embeddable":true,"href":"https:\/\/cargotrack.md\/ru\/wp-json\/wp\/v2\/media\/84279"}],"wp:attachment":[{"href":"https:\/\/cargotrack.md\/ru\/wp-json\/wp\/v2\/media?parent=65708"}],"wp:term":[{"taxonomy":"category","embeddable":true,"href":"https:\/\/cargotrack.md\/ru\/wp-json\/wp\/v2\/categories?post=65708"},{"taxonomy":"post_tag","embeddable":true,"href":"https:\/\/cargotrack.md\/ru\/wp-json\/wp\/v2\/tags?post=65708"},{"taxonomy":"post_folder","embeddable":true,"href":"https:\/\/cargotrack.md\/ru\/wp-json\/wp\/v2\/post_folder?post=65708"}],"curies":[{"name":"wp","href":"https:\/\/api.w.org\/{rel}","templated":true}]}}