{"id":63516,"date":"2022-10-12T08:16:33","date_gmt":"2022-10-12T05:16:33","guid":{"rendered":"https:\/\/cargotrack.md\/?p=63516"},"modified":"2024-02-01T14:25:51","modified_gmt":"2024-02-01T12:25:51","slug":"pachetul-de-mobilitate-2022","status":"publish","type":"post","link":"https:\/\/cargotrack.md\/ru\/blog\/pachetul-de-mobilitate-2022\/","title":{"rendered":"Pachetul de Mobilitate 2022 &#8211; solu\u021bie implementat\u0103 cu succes \u00een aplica\u021bia CargoTrack"},"content":{"rendered":"<div class=\"wp-block-image\">\n<figure class=\"aligncenter size-full is-resized\"><img fetchpriority=\"high\" decoding=\"async\" width=\"1024\" height=\"683\" src=\"https:\/\/cargotrack.md\/wp-content\/uploads\/2022\/10\/pachetul-de-mobilitate-soferi-scaled-1.webp\" alt=\"\" class=\"wp-image-77597\" style=\"width:812px;height:541px\" srcset=\"https:\/\/cargotrack.md\/wp-content\/uploads\/2022\/10\/pachetul-de-mobilitate-soferi-scaled-1.webp 1024w, https:\/\/cargotrack.md\/wp-content\/uploads\/2022\/10\/pachetul-de-mobilitate-soferi-scaled-1-300x200.webp 300w, https:\/\/cargotrack.md\/wp-content\/uploads\/2022\/10\/pachetul-de-mobilitate-soferi-scaled-1-768x512.webp 768w\" sizes=\"(max-width: 1024px) 100vw, 1024px\" \/><figcaption class=\"wp-element-caption\">Pachetul de Mobilitate 2022<\/figcaption><\/figure><\/div>\n\n\n<p>Pachetul de Mobilitate 2022, o lege care a devenit o nebuloas\u0103 at\u00e2t pentru transportatori, c\u00e2t \u0219i pentru autorit\u0103\u021bi. M\u0103surile restrictive impuse de Uniunea European\u0103 prin Pachetul Mobilitate 1 au fost \u00eenc\u0103 de la bun \u00eenceput o amenin\u021bare, mai ales pentru firmele de transport mici \u0219i mijlocii afectate deja de contextul pandemic anterior. Pachetul Mobilitate a devenit astfel un subiect dezb\u0103tut \u00eendelung de speciali\u0219ti \u00een domeniu sau juri\u0219ti, dar \u00een primul r\u00e2nd de c\u0103tre transportatori.<\/p>\n\n\n\n<p>Totul a pornit de la o serie de ambiguit\u0103\u021bi legislative ce au l\u0103sat loc multor interpret\u0103ri.<\/p>\n\n\n\n<p><strong>Cum pot \u00eens\u0103 transportatorii s\u0103 \u201esupravie\u021buiasc\u0103\u201d noilor cerin\u021be legislative?<\/strong><\/p>\n\n\n\n<p>\u00cen primul r\u00e2nd cunosc\u00e2nd \u0219i respect\u00e2nd normele \u00een vigoare.<\/p>\n\n\n\n<p><strong>CargoTrack a construit noua func\u021bionalitate care te va ajuta s\u0103 po\u021bi \u021bine sub control cu un singur click \u201d\u00eentoarcerea camioanelor acas\u0103 la opt s\u0103pt\u0103m\u00e2ni\u201d.<\/strong><\/p>\n\n\n\n<p>Astfel, <strong>vei \u0219tii clar c\u00e2te<\/strong> <strong>zile, ore, minute au mai r\u0103mas p\u00e2n\u0103 la \u00eentoarcerea acas\u0103 a camionului t\u0103u<\/strong>, astfel \u00eenc\u00e2t <strong>s\u0103 evi\u021bi amenzile ustur\u0103toare <\/strong>aplicate pentru nerespectarea Pachetul de Mobilitate.<\/p>\n\n\n\n<p><strong>Afacerea ta, prioritatea noastr\u0103<\/strong><\/p>\n\n\n\n<p>Noi, cei din <a href=\"https:\/\/cargotrack.md\/ru\/\">CargoTrack<\/a> \u0219tim c\u00e2t de important este timpul pe care \u00eel dedici afacerii tale! Tocmai de aceea noi am decis s\u0103 ne dedic\u0103m timpul perfec\u021bion\u0103rii acestei func\u021bionalit\u0103\u021bi, care acum necesit\u0103 minimum de efort din partea ta pentru a putea implementa <a href=\"https:\/\/cargotrack.md\/ru\/detasare-soferi\/\">Pachetul de Mobilitate<\/a> \u00een cel mai u\u0219or mod cu putin\u021b\u0103.<\/p>\n\n\n\n<p>Mai jos \u021bi-am preg\u0103tit un scurt video, \u00een care \u00ee\u021bi explic\u0103m modul \u00een care po\u021bi implementa noua func\u021bionalitate prin care po\u021bi \u021bine sub control <strong>\u00eentoarcerea acas\u0103 a camionului la opt s\u0103pt\u0103m\u00e2ni<\/strong>.<\/p>\n\n\n\n<figure class=\"wp-block-embed is-type-rich is-provider-embed-handler wp-block-embed-embed-handler wp-embed-aspect-16-9 wp-has-aspect-ratio\"><div class=\"wp-block-embed__wrapper\">\n<iframe title=\"\u2705 Pachetul de Mobilitate 2022 - solu\u021bie implementat\u0103 cu succes \u00een aplica\u021bia CargoTrack\" width=\"500\" height=\"281\" src=\"https:\/\/www.youtube.com\/embed\/EHehmkyWy-0?feature=oembed\" frameborder=\"0\" allow=\"accelerometer; autoplay; clipboard-write; encrypted-media; gyroscope; picture-in-picture; web-share\" referrerpolicy=\"strict-origin-when-cross-origin\" allowfullscreen><\/iframe>\n<\/div><\/figure>\n\n\n\n<p>Vrei s\u0103 \u0219tii cum po\u021bi achizi\u021biona acest serviciu? <\/p>\n\n\n\n<h3 class=\"wp-block-heading\">Nu ezita s\u0103 ne contactezi pentru Pachetul de Mobilitate 2022!<\/h3>\n\n\n\n<div class=\"wp-block-jetpack-contact-info\">\n\n<div class=\"wp-block-jetpack-email\"><a href=\"mailto:office@cargotrack.ro\">office@cargotrack.md<\/a><\/div>\n\n\n<div class=\"wp-block-jetpack-phone\"><a href=\"tel: 40746103298\">+40 746 103 298<\/a><\/div>\n\n\n<\/div>\n\n\n<div class=\"kk-star-ratings kksr-auto kksr-align-right kksr-valign-bottom\"\n    data-payload='{&quot;align&quot;:&quot;right&quot;,&quot;id&quot;:&quot;63516&quot;,&quot;slug&quot;:&quot;default&quot;,&quot;valign&quot;:&quot;bottom&quot;,&quot;ignore&quot;:&quot;&quot;,&quot;reference&quot;:&quot;auto&quot;,&quot;class&quot;:&quot;&quot;,&quot;count&quot;:&quot;3&quot;,&quot;legendonly&quot;:&quot;&quot;,&quot;readonly&quot;:&quot;&quot;,&quot;score&quot;:&quot;5&quot;,&quot;starsonly&quot;:&quot;&quot;,&quot;best&quot;:&quot;5&quot;,&quot;gap&quot;:&quot;5&quot;,&quot;greet&quot;:&quot;Rate this post&quot;,&quot;legend&quot;:&quot;5\\\/5 - (3 \u0433\u043e\u043b\u043e\u0441\u0430)&quot;,&quot;size&quot;:&quot;24&quot;,&quot;title&quot;:&quot;Pachetul de Mobilitate 2022 - solu\u021bie implementat\u0103 cu succes \u00een aplica\u021bia CargoTrack&quot;,&quot;width&quot;:&quot;142.5&quot;,&quot;_legend&quot;:&quot;{score}\\\/{best} - ({count} {votes})&quot;,&quot;font_factor&quot;:&quot;1.25&quot;}'>\n            \n<div class=\"kksr-stars\">\n    \n<div class=\"kksr-stars-inactive\">\n            <div class=\"kksr-star\" data-star=\"1\" style=\"padding-right: 5px\">\n            \n\n<div class=\"kksr-icon\" style=\"width: 24px; height: 24px;\"><\/div>\n        <\/div>\n            <div class=\"kksr-star\" data-star=\"2\" style=\"padding-right: 5px\">\n            \n\n<div class=\"kksr-icon\" style=\"width: 24px; height: 24px;\"><\/div>\n        <\/div>\n            <div class=\"kksr-star\" data-star=\"3\" style=\"padding-right: 5px\">\n            \n\n<div class=\"kksr-icon\" style=\"width: 24px; height: 24px;\"><\/div>\n        <\/div>\n            <div class=\"kksr-star\" data-star=\"4\" style=\"padding-right: 5px\">\n            \n\n<div class=\"kksr-icon\" style=\"width: 24px; height: 24px;\"><\/div>\n        <\/div>\n            <div class=\"kksr-star\" data-star=\"5\" style=\"padding-right: 5px\">\n            \n\n<div class=\"kksr-icon\" style=\"width: 24px; height: 24px;\"><\/div>\n        <\/div>\n    <\/div>\n    \n<div class=\"kksr-stars-active\" style=\"width: 142.5px;\">\n            <div class=\"kksr-star\" style=\"padding-right: 5px\">\n            \n\n<div class=\"kksr-icon\" style=\"width: 24px; height: 24px;\"><\/div>\n        <\/div>\n            <div class=\"kksr-star\" style=\"padding-right: 5px\">\n            \n\n<div class=\"kksr-icon\" style=\"width: 24px; height: 24px;\"><\/div>\n        <\/div>\n            <div class=\"kksr-star\" style=\"padding-right: 5px\">\n            \n\n<div class=\"kksr-icon\" style=\"width: 24px; height: 24px;\"><\/div>\n        <\/div>\n            <div class=\"kksr-star\" style=\"padding-right: 5px\">\n            \n\n<div class=\"kksr-icon\" style=\"width: 24px; height: 24px;\"><\/div>\n        <\/div>\n            <div class=\"kksr-star\" style=\"padding-right: 5px\">\n            \n\n<div class=\"kksr-icon\" style=\"width: 24px; height: 24px;\"><\/div>\n        <\/div>\n    <\/div>\n<\/div>\n                \n\n<div class=\"kksr-legend\" style=\"font-size: 19.2px;\">\n            5\/5 - (3 \u0433\u043e\u043b\u043e\u0441\u0430)    <\/div>\n    <\/div>","protected":false},"excerpt":{"rendered":"<p>Pachetul de Mobilitate 2022, o lege care a devenit o nebuloas\u0103 at\u00e2t pentru transportatori, c\u00e2t \u0219i pentru autorit\u0103\u021bi. M\u0103surile restrictive impuse de Uniunea European\u0103 prin Pachetul Mobilitate 1 au fost \u00eenc\u0103 de la bun \u00eenceput o amenin\u021bare, mai ales pentru firmele de transport mici \u0219i mijlocii afectate deja de contextul pandemic anterior. Pachetul Mobilitate a [&hellip;]<\/p>","protected":false},"author":2,"featured_media":84288,"comment_status":"open","ping_status":"open","sticky":false,"template":"","format":"standard","meta":{"rank_math_lock_modified_date":false,"_joinchat":{"telephone":"+40756145385"},"footnotes":""},"categories":[64],"tags":[63,103,104,65],"post_folder":[],"class_list":["post-63516","post","type-post","status-publish","format-standard","has-post-thumbnail","hentry","category-pachetul-mobilitate-1","tag-mobilitate-1","tag-pachet-mobilitate-2022","tag-pachetul-de-mobilitate","tag-pachetul-mobilitate-1"],"_links":{"self":[{"href":"https:\/\/cargotrack.md\/ru\/wp-json\/wp\/v2\/posts\/63516","targetHints":{"allow":["GET"]}}],"collection":[{"href":"https:\/\/cargotrack.md\/ru\/wp-json\/wp\/v2\/posts"}],"about":[{"href":"https:\/\/cargotrack.md\/ru\/wp-json\/wp\/v2\/types\/post"}],"author":[{"embeddable":true,"href":"https:\/\/cargotrack.md\/ru\/wp-json\/wp\/v2\/users\/2"}],"replies":[{"embeddable":true,"href":"https:\/\/cargotrack.md\/ru\/wp-json\/wp\/v2\/comments?post=63516"}],"version-history":[{"count":1,"href":"https:\/\/cargotrack.md\/ru\/wp-json\/wp\/v2\/posts\/63516\/revisions"}],"predecessor-version":[{"id":77598,"href":"https:\/\/cargotrack.md\/ru\/wp-json\/wp\/v2\/posts\/63516\/revisions\/77598"}],"wp:featuredmedia":[{"embeddable":true,"href":"https:\/\/cargotrack.md\/ru\/wp-json\/wp\/v2\/media\/84288"}],"wp:attachment":[{"href":"https:\/\/cargotrack.md\/ru\/wp-json\/wp\/v2\/media?parent=63516"}],"wp:term":[{"taxonomy":"category","embeddable":true,"href":"https:\/\/cargotrack.md\/ru\/wp-json\/wp\/v2\/categories?post=63516"},{"taxonomy":"post_tag","embeddable":true,"href":"https:\/\/cargotrack.md\/ru\/wp-json\/wp\/v2\/tags?post=63516"},{"taxonomy":"post_folder","embeddable":true,"href":"https:\/\/cargotrack.md\/ru\/wp-json\/wp\/v2\/post_folder?post=63516"}],"curies":[{"name":"wp","href":"https:\/\/api.w.org\/{rel}","templated":true}]}}