{"id":5329,"date":"2020-09-22T12:00:00","date_gmt":"2020-09-22T12:00:00","guid":{"rendered":"https:\/\/cargotrack.md\/?p=5329"},"modified":"2024-02-01T15:51:44","modified_gmt":"2024-02-01T13:51:44","slug":"pachetul-mobilitate-1-perioada-repaus","status":"publish","type":"post","link":"https:\/\/cargotrack.md\/ru\/blog\/pachetul-mobilitate-1-perioada-repaus\/","title":{"rendered":"Pachetul Mobilitate 1 &#8211; perioada de repaus"},"content":{"rendered":"<p>Pachetul Mobilitate 1 este con\u021bine numeroase reguli noi pentru perioada de repaus, deta\u0219area \u0219oferilor profesioni\u0219ti, accesul pe pia\u021b\u0103 precum \u0219i pentru legisla\u021bia social\u0103. Inten\u021bia acestei legi este de a avea un sector al transportului rutier mai sigur, mai eficient \u0219i responsabil social. <\/p>\n\n\n\n<p>Pachetul Mobilitate 1 elimin\u0103, de asemenea, reguli neclare care au dus la diferite interpret\u0103ri juridice \u0219i practici de aplicare \u00een fiecare stat membru, oferind astfel o mai mare claritate juridic\u0103 \u00een \u00eentreaga UE.<\/p>\n\n\n\n<p>\u00cen urm\u0103toarele r\u00e2nduri vom pune accentul pe perioadele de repaus s\u0103pt\u0103m\u00e2nale, obliga\u021bie care a intrat \u00een vigoare la 20 august 2020.<\/p>\n\n\n\n<h2 class=\"wp-block-heading\">Perioadele de repaus s\u0103pt\u0103m\u00e2nale<\/h2>\n\n\n<div class=\"wp-block-image\">\n<figure class=\"aligncenter size-full\"><img fetchpriority=\"high\" decoding=\"async\" width=\"1024\" height=\"683\" src=\"https:\/\/cargotrack.md\/wp-content\/uploads\/2020\/09\/CTS_Timp_Conducere-scaled-2.webp\" alt=\"\" class=\"wp-image-77982\" srcset=\"https:\/\/cargotrack.md\/wp-content\/uploads\/2020\/09\/CTS_Timp_Conducere-scaled-2.webp 1024w, https:\/\/cargotrack.md\/wp-content\/uploads\/2020\/09\/CTS_Timp_Conducere-scaled-2-300x200.webp 300w, https:\/\/cargotrack.md\/wp-content\/uploads\/2020\/09\/CTS_Timp_Conducere-scaled-2-768x512.webp 768w\" sizes=\"(max-width: 1024px) 100vw, 1024px\" \/><\/figure><\/div>\n\n\n<p>Companiilor care au \u0219oferi angaja\u021bi \u00een transportul interna\u021bional de m\u0103rfuri li se va permite s\u0103 ia dou\u0103 perioade de odihn\u0103 s\u0103pt\u0103m\u00e2nal\u0103 reduse consecutive \u00een afara statului membru \u00een care este stabilit\u0103 compania lor. <\/p>\n\n\n\n<p>Cu toate acestea, acest lucru va fi condi\u021bionat de faptul c\u0103 \u0219oferul trebuie s\u0103 efectueze \u00een urm\u0103toarele patru s\u0103pt\u0103m\u00e2ni cel pu\u021bin patru repausuri s\u0103pt\u0103m\u00e2nale, dintre care dou\u0103 trebuie s\u0103 fie perioade normale de repaus s\u0103pt\u0103m\u00e2nal.<\/p>\n\n\n\n<p>Perioadele de odihn\u0103 reduse trebuie compensate cu perioade de odihn\u0103 echivalente, care trebuie efectuate f\u0103r\u0103 \u00eentrerupere \u00eenainte de sf\u00e2r\u0219itul celei de a treia s\u0103pt\u0103m\u00e2ni urm\u0103toare s\u0103pt\u0103m\u00e2nii \u00een cauz\u0103.<\/p>\n\n\n\n<p>A\u0219adar, putem trage concluzia c\u0103, \u00een anumite condi\u021bii, un \u0219ofer poate lua dou\u0103 perioade de odihn\u0103 s\u0103pt\u0103m\u00e2nale reduse consecutive \u0219i compensa\u021bia pentru odihna s\u0103pt\u0103m\u00e2nal\u0103 redus\u0103 trebuie f\u0103cut\u0103<strong> <\/strong>\u00eentr-un singur bloc \u00eenainte de sf\u00e2r\u0219itul celei de a treia s\u0103pt\u0103m\u00e2ni urm\u0103toare la s\u0103pt\u0103m\u00e2na \u00een cauz\u0103.<\/p>\n\n\n\n<h3 class=\"wp-block-heading\">Diagram\u0103 perioade de repaus<\/h3>\n\n\n\n<p>Pentru a veni \u00een ajutorul t\u0103u, punem la dispozi\u021bia ta o schem\u0103 prin care te putem ajuta s\u0103 \u00ee\u021bi calculezi repausul s\u0103pt\u0103m\u00e2nal astfel \u00eenc\u00e2t s\u0103 respec\u021bi noua lege a Pachetului Mobilitate 1 &#8211; repausul s\u0103pt\u0103m\u00e2nal.<\/p>\n\n\n\n<p>Tabelul admite ca solu\u021bie corect\u0103 pe \u0219osea, un maxim de 3 s\u0103pt\u0103m\u00e2ni \u00eentre 2 pauze de odihn\u0103 de 45 ore, at\u00e2t timp c\u00e2t repausul se face \u00eentre 2 s\u0103pt\u0103m\u00e2ni.<\/p>\n\n\n\n<figure class=\"wp-block-image size-full\"><img decoding=\"async\" width=\"1024\" height=\"349\" src=\"https:\/\/cargotrack.md\/wp-content\/uploads\/2020\/09\/CTS_Schema_Calcul_Pauze_Repaus-1536x524-1.webp\" alt=\"\" class=\"wp-image-77981\" srcset=\"https:\/\/cargotrack.md\/wp-content\/uploads\/2020\/09\/CTS_Schema_Calcul_Pauze_Repaus-1536x524-1.webp 1024w, https:\/\/cargotrack.md\/wp-content\/uploads\/2020\/09\/CTS_Schema_Calcul_Pauze_Repaus-1536x524-1-300x102.webp 300w, https:\/\/cargotrack.md\/wp-content\/uploads\/2020\/09\/CTS_Schema_Calcul_Pauze_Repaus-1536x524-1-768x262.webp 768w\" sizes=\"(max-width: 1024px) 100vw, 1024px\" \/><\/figure>\n\n\n\n<p><strong>Restul de 45 de ore \u00eentre s\u0103pt\u0103m\u00e2na 1 \u0219i 2: obligatoriu \u00eentre s\u0103pt\u0103m\u00e2ni, chiar \u0219i 1 minut<\/strong><\/p>\n\n\n\n<p><strong>Pauz\u0103 de 45 de ore \u00eentre s\u0103pt\u0103m\u00e2na 4 \u0219i 5: obligatorie \u00eentre s\u0103pt\u0103m\u00e2ni, chiar \u0219i 1 minut.<\/strong><\/p>\n\n\n\n<p>Intre ele trebuie s\u0103 fie toate pauzele reduse 24 ore, necesare la un interval de 144 ore (6 zile) \u00eentre ele. Dac\u0103 oricare dintre aceste pauze intermediare este f\u0103cut\u0103 45 de ore, poli\u021bia poate s\u0103 cear\u0103 ca \u0219i acestea s\u0103 se fac\u0103 \u00een afara cabinei, dac\u0103 sunt mai pu\u021bin de 45 ore nu.<\/p>\n\n\n\n<p><strong>Cite\u0219te mai multe despre Pachetul Mobilitate 1 aici: <\/strong><\/p>\n\n\n\n<p><a href=\"https:\/\/cargotrack.md\/ru\/noi-reglementari-ale-pachetului-mobilitate-1\/\" target=\"_blank\" rel=\"noreferrer noopener\">https:\/\/cargotrack.md\/noi-reglementari-ale-pachetului-mobilitate-1\/<\/a><\/p>\n\n\n<div class=\"kk-star-ratings kksr-auto kksr-align-right kksr-valign-bottom\"\n    data-payload='{&quot;align&quot;:&quot;right&quot;,&quot;id&quot;:&quot;5329&quot;,&quot;slug&quot;:&quot;default&quot;,&quot;valign&quot;:&quot;bottom&quot;,&quot;ignore&quot;:&quot;&quot;,&quot;reference&quot;:&quot;auto&quot;,&quot;class&quot;:&quot;&quot;,&quot;count&quot;:&quot;7&quot;,&quot;legendonly&quot;:&quot;&quot;,&quot;readonly&quot;:&quot;&quot;,&quot;score&quot;:&quot;5&quot;,&quot;starsonly&quot;:&quot;&quot;,&quot;best&quot;:&quot;5&quot;,&quot;gap&quot;:&quot;5&quot;,&quot;greet&quot;:&quot;Rate this post&quot;,&quot;legend&quot;:&quot;5\\\/5 - (7 \u0433\u043e\u043b\u043e\u0441\u043e\u0432)&quot;,&quot;size&quot;:&quot;24&quot;,&quot;title&quot;:&quot;Pachetul Mobilitate 1 - perioada de repaus&quot;,&quot;width&quot;:&quot;142.5&quot;,&quot;_legend&quot;:&quot;{score}\\\/{best} - ({count} {votes})&quot;,&quot;font_factor&quot;:&quot;1.25&quot;}'>\n            \n<div class=\"kksr-stars\">\n    \n<div class=\"kksr-stars-inactive\">\n            <div class=\"kksr-star\" data-star=\"1\" style=\"padding-right: 5px\">\n            \n\n<div class=\"kksr-icon\" style=\"width: 24px; height: 24px;\"><\/div>\n        <\/div>\n            <div class=\"kksr-star\" data-star=\"2\" style=\"padding-right: 5px\">\n            \n\n<div class=\"kksr-icon\" style=\"width: 24px; height: 24px;\"><\/div>\n        <\/div>\n            <div class=\"kksr-star\" data-star=\"3\" style=\"padding-right: 5px\">\n            \n\n<div class=\"kksr-icon\" style=\"width: 24px; height: 24px;\"><\/div>\n        <\/div>\n            <div class=\"kksr-star\" data-star=\"4\" style=\"padding-right: 5px\">\n            \n\n<div class=\"kksr-icon\" style=\"width: 24px; height: 24px;\"><\/div>\n        <\/div>\n            <div class=\"kksr-star\" data-star=\"5\" style=\"padding-right: 5px\">\n            \n\n<div class=\"kksr-icon\" style=\"width: 24px; height: 24px;\"><\/div>\n        <\/div>\n    <\/div>\n    \n<div class=\"kksr-stars-active\" style=\"width: 142.5px;\">\n            <div class=\"kksr-star\" style=\"padding-right: 5px\">\n            \n\n<div class=\"kksr-icon\" style=\"width: 24px; height: 24px;\"><\/div>\n        <\/div>\n            <div class=\"kksr-star\" style=\"padding-right: 5px\">\n            \n\n<div class=\"kksr-icon\" style=\"width: 24px; height: 24px;\"><\/div>\n        <\/div>\n            <div class=\"kksr-star\" style=\"padding-right: 5px\">\n            \n\n<div class=\"kksr-icon\" style=\"width: 24px; height: 24px;\"><\/div>\n        <\/div>\n            <div class=\"kksr-star\" style=\"padding-right: 5px\">\n            \n\n<div class=\"kksr-icon\" style=\"width: 24px; height: 24px;\"><\/div>\n        <\/div>\n            <div class=\"kksr-star\" style=\"padding-right: 5px\">\n            \n\n<div class=\"kksr-icon\" style=\"width: 24px; height: 24px;\"><\/div>\n        <\/div>\n    <\/div>\n<\/div>\n                \n\n<div class=\"kksr-legend\" style=\"font-size: 19.2px;\">\n            5\/5 - (7 \u0433\u043e\u043b\u043e\u0441\u043e\u0432)    <\/div>\n    <\/div>","protected":false},"excerpt":{"rendered":"<p>Pachetul Mobilitate 1 este con\u021bine numeroase reguli noi pentru perioada de repaus, deta\u0219area \u0219oferilor profesioni\u0219ti, accesul pe pia\u021b\u0103 precum \u0219i pentru legisla\u021bia social\u0103. Inten\u021bia acestei legi este de a avea un sector al transportului rutier mai sigur, mai eficient \u0219i responsabil social. Pachetul Mobilitate 1 elimin\u0103, de asemenea, reguli neclare care au dus la diferite [&hellip;]<\/p>","protected":false},"author":2,"featured_media":84357,"comment_status":"open","ping_status":"open","sticky":false,"template":"","format":"standard","meta":{"rank_math_lock_modified_date":false,"_joinchat":[],"footnotes":""},"categories":[64],"tags":[63,65],"post_folder":[],"class_list":["post-5329","post","type-post","status-publish","format-standard","has-post-thumbnail","hentry","category-pachetul-mobilitate-1","tag-mobilitate-1","tag-pachetul-mobilitate-1"],"_links":{"self":[{"href":"https:\/\/cargotrack.md\/ru\/wp-json\/wp\/v2\/posts\/5329","targetHints":{"allow":["GET"]}}],"collection":[{"href":"https:\/\/cargotrack.md\/ru\/wp-json\/wp\/v2\/posts"}],"about":[{"href":"https:\/\/cargotrack.md\/ru\/wp-json\/wp\/v2\/types\/post"}],"author":[{"embeddable":true,"href":"https:\/\/cargotrack.md\/ru\/wp-json\/wp\/v2\/users\/2"}],"replies":[{"embeddable":true,"href":"https:\/\/cargotrack.md\/ru\/wp-json\/wp\/v2\/comments?post=5329"}],"version-history":[{"count":1,"href":"https:\/\/cargotrack.md\/ru\/wp-json\/wp\/v2\/posts\/5329\/revisions"}],"predecessor-version":[{"id":77983,"href":"https:\/\/cargotrack.md\/ru\/wp-json\/wp\/v2\/posts\/5329\/revisions\/77983"}],"wp:featuredmedia":[{"embeddable":true,"href":"https:\/\/cargotrack.md\/ru\/wp-json\/wp\/v2\/media\/84357"}],"wp:attachment":[{"href":"https:\/\/cargotrack.md\/ru\/wp-json\/wp\/v2\/media?parent=5329"}],"wp:term":[{"taxonomy":"category","embeddable":true,"href":"https:\/\/cargotrack.md\/ru\/wp-json\/wp\/v2\/categories?post=5329"},{"taxonomy":"post_tag","embeddable":true,"href":"https:\/\/cargotrack.md\/ru\/wp-json\/wp\/v2\/tags?post=5329"},{"taxonomy":"post_folder","embeddable":true,"href":"https:\/\/cargotrack.md\/ru\/wp-json\/wp\/v2\/post_folder?post=5329"}],"curies":[{"name":"wp","href":"https:\/\/api.w.org\/{rel}","templated":true}]}}